{"id":7376,"date":"2026-03-06T12:00:53","date_gmt":"2026-03-06T15:00:53","guid":{"rendered":"https:\/\/www.agenteimovel.com.br\/noticias\/?p=7376"},"modified":"2026-03-06T12:25:10","modified_gmt":"2026-03-06T15:25:10","slug":"ranking-dos-precos-por-metro-quadrado-nas-cidades-brasileiras-2026","status":"publish","type":"post","link":"https:\/\/larya.com.br\/blog\/ranking-dos-precos-por-metro-quadrado-nas-cidades-brasileiras-2026\/","title":{"rendered":"Ranking das cidades brasileiras com o metro quadrado mais caro em 2026"},"content":{"rendered":"<p>Escrito por Equipe de Cr\u00e9dito Imobili\u00e1rio LARYA<\/p>\n<p>O mercado imobili\u00e1rio no Brasil est\u00e1 em constante evolu\u00e7\u00e3o, impulsionado por mudan\u00e7as econ\u00f4micas, sociais e tecnol\u00f3gicas. Ao iniciarmos 2026, o <strong>pre\u00e7o do metro quadrado<\/strong> consolidou-se como o indicador soberano para quem deseja investir, comprar ou alugar com intelig\u00eancia financeira. Com a <strong>Taxa Selic fixada em 15%<\/strong>, a din\u00e2mica de pre\u00e7os sofreu ajustes severos: enquanto cidades com oferta abundante estagnaram, as joias da coroa do litoral catarinense e as capitais com alta qualidade de vida viram seus pre\u00e7os dispararem, criando um cen\u00e1rio de &#8220;Smart FOMO&#8221; entre investidores que buscam travar o valor do ativo antes de novas altas.<\/p>\n<p>Neste dossi\u00ea t\u00e9cnico da <strong>LARYA<\/strong>, atualizado com dados da ABECIP e FipeZAP, revelamos o ranking definitivo das <strong>cidades brasileiras com o metro quadrado mais caro em 2026<\/strong>. Vamos explorar por que bairros como o Leblon no Rio de Janeiro atingiram marcas hist\u00f3ricas de R$ 25.717\/m\u00b2 e como voc\u00ea pode usar o <strong>financiamento imobili\u00e1rio<\/strong> para alavancar seu patrim\u00f4nio nessas regi\u00f5es de alta liquidez. Entender <strong>qual a cidade com o metro quadrado mais caro<\/strong> n\u00e3o \u00e9 apenas uma curiosidade, \u00e9 a base para o c\u00e1lculo do seu retorno sobre o investimento (ROI).<\/p>\n<div style=\"width: 100%; text-align: center; margin: 35px 0;\">\n<p style=\"color: #666666; font-family: sans-serif; font-size: 14px; margin-bottom: 12px;\">Quer saber o valor real do m\u00b2 do seu im\u00f3vel em 2026?<\/p>\n<p><a style=\"display: block; width: 100%; max-width: 450px; margin: 0 auto; background-color: #3a2fa3; color: #ffffff; padding: 18px 0; text-decoration: none; border-radius: 50px; font-weight: bold; transition: transform 0.2s;\" href=\"https:\/\/larya.com.br\/avaliacao-imoveis-simulador-gratis\" target=\"_blank\" rel=\"noopener\">Descobrir Valor de Mercado Agora \u2192<\/a><\/p>\n<\/div>\n<h2>An\u00e1lise do Mercado: Por que os pre\u00e7os subiram tanto em 2026?<\/h2>\n<p>Ao analisar <strong>como vai ficar o mercado imobili\u00e1rio do Brasil em 2026<\/strong>, percebemos que a infla\u00e7\u00e3o dos materiais de constru\u00e7\u00e3o somada ao Novo PAC de infraestrutura elevou o custo de reposi\u00e7\u00e3o dos im\u00f3veis. Isso significa que construir hoje custa muito mais do que h\u00e1 dois anos, o que empurra o pre\u00e7o dos im\u00f3veis usados para cima. Capitais como Vit\u00f3ria e Curitiba surpreenderam o mercado com valoriza\u00e7\u00f5es anuais que superam os 15%, mostrando que o investidor est\u00e1 fugindo da volatilidade e buscando a solidez do tijolo.<\/p>\n<p>Al\u00e9m disso, o teto do Sistema Financeiro de Habita\u00e7\u00e3o (SFH) atualizado para <strong>R$ 2,25 milh\u00f5es<\/strong> permitiu que im\u00f3veis de alto padr\u00e3o nessas cidades pudessem ser financiados com taxas mais competitivas (em torno de 11,19% a.a. na Caixa), utilizando o saldo do FGTS. Essa inje\u00e7\u00e3o de liquidez \u00e9 o que mant\u00e9m a demanda aquecida, mesmo em um cen\u00e1rio de Selic a 15%.<\/p>\n<h2>Ranking 2026: As 10 cidades com o metro quadrado mais caro do Brasil<\/h2>\n<p>O levantamento realizado pela equipe de Market Intelligence da LARYA acompanha os pre\u00e7os de fechamento e an\u00fancios nas 56 principais cidades brasileiras. O valor m\u00e9dio nacional atingiu a marca de <strong>R$ 9.185\/m\u00b2<\/strong>. Confira abaixo quem domina o topo da lista:<\/p>\n<table style=\"width: 100%; border-collapse: collapse; margin: 25px 0; text-align: center;\">\n<thead>\n<tr style=\"background-color: #041f30; color: white;\">\n<th style=\"padding: 12px; border: 1px solid #ddd;\">Posi\u00e7\u00e3o<\/th>\n<th style=\"padding: 12px; border: 1px solid #ddd;\">Cidade<\/th>\n<th style=\"padding: 12px; border: 1px solid #ddd;\">Valor do m\u00b2 (2026)<\/th>\n<th style=\"padding: 12px; border: 1px solid #ddd;\">Valoriza\u00e7\u00e3o (12 meses)<\/th>\n<\/tr>\n<\/thead>\n<tbody>\n<tr>\n<td style=\"padding: 10px; border: 1px solid #ddd; font-weight: bold;\">1\u00ba<\/td>\n<td style=\"padding: 10px; border: 1px solid #ddd;\">Balne\u00e1rio Cambori\u00fa (SC)<\/td>\n<td style=\"padding: 10px; border: 1px solid #ddd; font-weight: bold; color: #28a745;\">R$ 14.906<\/td>\n<td style=\"padding: 10px; border: 1px solid #ddd;\">11,16%<\/td>\n<\/tr>\n<tr>\n<td style=\"padding: 10px; border: 1px solid #ddd; font-weight: bold;\">2\u00ba<\/td>\n<td style=\"padding: 10px; border: 1px solid #ddd;\">Itapema (SC)<\/td>\n<td style=\"padding: 10px; border: 1px solid #ddd; font-weight: bold; color: #28a745;\">R$ 14.843<\/td>\n<td style=\"padding: 10px; border: 1px solid #ddd;\">10,27%<\/td>\n<\/tr>\n<tr>\n<td style=\"padding: 10px; border: 1px solid #ddd; font-weight: bold;\">3\u00ba<\/td>\n<td style=\"padding: 10px; border: 1px solid #ddd;\">Vit\u00f3ria (ES)<\/td>\n<td style=\"padding: 10px; border: 1px solid #ddd; font-weight: bold; color: #28a745;\">R$ 14.108<\/td>\n<td style=\"padding: 10px; border: 1px solid #ddd;\">15,95%<\/td>\n<\/tr>\n<tr>\n<td style=\"padding: 10px; border: 1px solid #ddd;\">4\u00ba<\/td>\n<td style=\"padding: 10px; border: 1px solid #ddd;\">Itaja\u00ed (SC)<\/td>\n<td style=\"padding: 10px; border: 1px solid #ddd;\">R$ 12.848<\/td>\n<td style=\"padding: 10px; border: 1px solid #ddd;\">14,91%<\/td>\n<\/tr>\n<tr>\n<td style=\"padding: 10px; border: 1px solid #ddd;\">5\u00ba<\/td>\n<td style=\"padding: 10px; border: 1px solid #ddd;\">Florian\u00f3polis (SC)<\/td>\n<td style=\"padding: 10px; border: 1px solid #ddd;\">R$ 12.126<\/td>\n<td style=\"padding: 10px; border: 1px solid #ddd;\">10,22%<\/td>\n<\/tr>\n<tr>\n<td style=\"padding: 10px; border: 1px solid #ddd;\">6\u00ba<\/td>\n<td style=\"padding: 10px; border: 1px solid #ddd;\">S\u00e3o Paulo (SP)<\/td>\n<td style=\"padding: 10px; border: 1px solid #ddd;\">R$ 11.497<\/td>\n<td style=\"padding: 10px; border: 1px solid #ddd;\">6,45%<\/td>\n<\/tr>\n<tr>\n<td style=\"padding: 10px; border: 1px solid #ddd;\">7\u00ba<\/td>\n<td style=\"padding: 10px; border: 1px solid #ddd;\">Barueri (SP)<\/td>\n<td style=\"padding: 10px; border: 1px solid #ddd;\">R$ 11.044<\/td>\n<td style=\"padding: 10px; border: 1px solid #ddd;\">9,18%<\/td>\n<\/tr>\n<tr>\n<td style=\"padding: 10px; border: 1px solid #ddd;\">8\u00ba<\/td>\n<td style=\"padding: 10px; border: 1px solid #ddd;\">Curitiba (PR)<\/td>\n<td style=\"padding: 10px; border: 1px solid #ddd;\">R$ 10.936<\/td>\n<td style=\"padding: 10px; border: 1px solid #ddd;\">15,52%<\/td>\n<\/tr>\n<tr>\n<td style=\"padding: 10px; border: 1px solid #ddd;\">9\u00ba<\/td>\n<td style=\"padding: 10px; border: 1px solid #ddd;\">Rio de Janeiro (RJ)<\/td>\n<td style=\"padding: 10px; border: 1px solid #ddd;\">R$ 10.459<\/td>\n<td style=\"padding: 10px; border: 1px solid #ddd;\">4,24%<\/td>\n<\/tr>\n<tr>\n<td style=\"padding: 10px; border: 1px solid #ddd;\">10\u00ba<\/td>\n<td style=\"padding: 10px; border: 1px solid #ddd;\">Belo Horizonte (MG)<\/td>\n<td style=\"padding: 10px; border: 1px solid #ddd;\">R$ 9.835<\/td>\n<td style=\"padding: 10px; border: 1px solid #ddd;\">13,68%<\/td>\n<\/tr>\n<\/tbody>\n<\/table>\n<p>Santa Catarina reafirma seu dom\u00ednio no ranking nacional, com 4 cidades no Top 5. No entanto, o grande destaque de 2026 \u00e9 <strong>Vit\u00f3ria (ES)<\/strong>, que assumiu a posi\u00e7\u00e3o de capital com o metro quadrado mais caro do pa\u00eds, superando S\u00e3o Paulo e Rio de Janeiro. Esse fen\u00f4meno se explica pela geografia limitada da ilha capixaba, que impede a expans\u00e3o horizontal, for\u00e7ando a verticaliza\u00e7\u00e3o de luxo.<\/p>\n<div style=\"width: 100%; text-align: center; margin: 35px 0;\">\n<p style=\"color: #666666; font-family: sans-serif; font-size: 14px; margin-bottom: 12px;\">Seu cr\u00e9dito aprova nessas cidades? Simule agora:<\/p>\n<p><a style=\"display: block; width: 100%; max-width: 450px; margin: 0 auto; background-color: #fe1637; color: #ffffff; padding: 18px 0; text-decoration: none; border-radius: 50px; font-weight: bold;\" href=\"https:\/\/larya.com.br\/simulador-habitacional\" target=\"_blank\" rel=\"noopener\">Simular Financiamento com Menor Taxa \u2192<\/a><\/p>\n<\/div>\n<h2>O Custo de Esperar vs. Valoriza\u00e7\u00e3o do m\u00b2<\/h2>\n<p>Muitos investidores perguntam: &#8220;Vale a pena comprar agora ou esperar os juros ca\u00edrem?&#8221;. Em 2026, a resposta \u00e9 matem\u00e1tica. Veja a simula\u00e7\u00e3o para um im\u00f3vel de 100 m\u00b2 em uma cidade com valoriza\u00e7\u00e3o m\u00e9dia de 10% ao ano:<\/p>\n<table style=\"width: 100%; border-collapse: collapse; margin: 25px 0; text-align: center;\">\n<thead>\n<tr style=\"background-color: #f2f2f2;\">\n<th style=\"padding: 12px; border: 1px solid #ddd;\">Cen\u00e1rio<\/th>\n<th style=\"padding: 12px; border: 1px solid #ddd;\">Valor do m\u00b2<\/th>\n<th style=\"padding: 12px; border: 1px solid #ddd;\">Pre\u00e7o do Im\u00f3vel<\/th>\n<th style=\"padding: 12px; border: 1px solid #ddd;\">Perda em Aluguel (12 meses)<\/th>\n<\/tr>\n<\/thead>\n<tbody>\n<tr>\n<td style=\"padding: 10px; border: 1px solid #ddd;\"><strong>Comprar Hoje (2026)<\/strong><\/td>\n<td style=\"padding: 10px; border: 1px solid #ddd;\">R$ 11.000<\/td>\n<td style=\"padding: 10px; border: 1px solid #ddd;\">R$ 1.100.000<\/td>\n<td style=\"padding: 10px; border: 1px solid #ddd;\">R$ 0 (Patrim\u00f4nio)<\/td>\n<\/tr>\n<tr>\n<td style=\"padding: 10px; border: 1px solid #ddd;\"><strong>Esperar 1 Ano (2027)<\/strong><\/td>\n<td style=\"padding: 10px; border: 1px solid #ddd;\">R$ 12.100 (+10%)<\/td>\n<td style=\"padding: 10px; border: 1px solid #ddd;\">R$ 1.210.000<\/td>\n<td style=\"padding: 10px; border: 1px solid #ddd;\">R$ 60.000 (est.)<\/td>\n<\/tr>\n<tr style=\"font-weight: bold; color: #fe1637;\">\n<td style=\"padding: 10px; border: 1px solid #ddd;\">Preju\u00edzo Total<\/td>\n<td style=\"padding: 10px; border: 1px solid #ddd;\">&#8211;<\/td>\n<td style=\"padding: 10px; border: 1px solid #ddd;\">&#8211; R$ 110.000<\/td>\n<td style=\"padding: 10px; border: 1px solid #ddd;\">&#8211; R$ 60.000<\/td>\n<\/tr>\n<\/tbody>\n<\/table>\n<p><strong>Conclus\u00e3o LARYA:<\/strong> O custo total de esperar 12 meses \u00e9 de <strong>R$ 170.000,00<\/strong>. Mesmo que a taxa de juros caia 1% no futuro, a economia nas parcelas jamais compensar\u00e1 a perda de valoriza\u00e7\u00e3o e o gasto com aluguel. O investidor inteligente utiliza o <strong>financiamento imobili\u00e1rio<\/strong> para travar o pre\u00e7o do m\u00b2 hoje e faz a portabilidade da d\u00edvida quando os juros ca\u00edrem.<\/p>\n<h2>Destaques por Regi\u00e3o: O que muda em 2026?<\/h2>\n<h3>S\u00e3o Paulo (SP): A For\u00e7a dos Compactos de Luxo<\/h3>\n<p>Na maior metr\u00f3pole do pa\u00eds, o pre\u00e7o m\u00e9dio de R$ 11.497\/m\u00b2 esconde discrep\u00e2ncias brutais. Em bairros como <strong>Pinheiros<\/strong> e <strong>Vila Madalena<\/strong>, o m\u00b2 para unidades compactas de alto padr\u00e3o j\u00e1 ultrapassa os R$ 18.000. A tend\u00eancia do <strong>mercado imobili\u00e1rio brasileiro<\/strong> para 2026 em SP \u00e9 a valoriza\u00e7\u00e3o dos eixos de transporte e o &#8220;viver perto do trabalho&#8221; como prioridade m\u00e1xima da Gera\u00e7\u00e3o Z.<\/p>\n<h3>Rio de Janeiro (RJ): Leblon Inalcan\u00e7\u00e1vel<\/h3>\n<p>O <strong>Leblon<\/strong> reafirmou em 2026 sua posi\u00e7\u00e3o como o metro quadrado mais caro do Brasil, atingindo <strong>R$ 25.717\/m\u00b2<\/strong>. Ipanema segue logo atr\u00e1s. No Rio, a escassez absoluta de novos terrenos na Zona Sul mant\u00e9m os pre\u00e7os em um patamar de &#8220;reserva de valor&#8221;, tornando-os imunes a oscila\u00e7\u00f5es da <strong>Taxa Selic<\/strong>.<\/p>\n<h3>Sul do Brasil: O Fen\u00f4meno de Balne\u00e1rio e Curitiba<\/h3>\n<p>Balne\u00e1rio Cambori\u00fa continua sendo a cidade com o <strong>m\u00b2 mais caro do Brasil<\/strong>. Os novos projetos de alargamento da faixa de areia e infraestrutura n\u00e1utica atraem capital estrangeiro. J\u00e1 Curitiba consolidou-se como a capital com a segunda maior valoriza\u00e7\u00e3o (15,52%), impulsionada pela qualidade de vida e um plano diretor que favorece edif\u00edcios sustent\u00e1veis.<\/p>\n<h2>V\u00eddeo: Vale a pena? Como saber se o im\u00f3vel est\u00e1 no pre\u00e7o certo<\/h2>\n<p>Assista \u00e0 nossa an\u00e1lise t\u00e9cnica sobre como n\u00e3o pagar caro por um m\u00b2 supervalorizado em 2026:<\/p>\n<div style=\"text-align: center; margin: 40px 0;\"><iframe title=\"YouTube video player\" src=\"https:\/\/www.youtube.com\/embed\/Rxv6OpZ59Ck\" width=\"560\" height=\"315\" frameborder=\"0\" allowfullscreen=\"allowfullscreen\"><\/iframe><\/div>\n<h2>Estrat\u00e9gia Banc\u00e1ria em 2026: Taxas e Comparativo<\/h2>\n<p>Para adquirir seu im\u00f3vel em uma dessas <strong>cidades brasileiras com o metro quadrado mais caro<\/strong>, voc\u00ea precisa da melhor engenharia financeira. Confira as taxas nominais de balc\u00e3o em mar\u00e7o de 2026:<\/p>\n<ul>\n<li><strong>CAIXA:<\/strong> 11,19% a.a. (Melhor op\u00e7\u00e3o para SFH).<\/li>\n<li><strong>BRB:<\/strong> 11,36% a.a. (Agressivo no Centro-Oeste e Sudeste).<\/li>\n<li><strong>Ita\u00fa:<\/strong> 11,60% a.a. (Foco em agilidade digital).<\/li>\n<li><strong>Santander:<\/strong> 11,69% a.a. (Flexibilidade na composi\u00e7\u00e3o de renda).<\/li>\n<li><strong>INTER:<\/strong> 13,76% a.a. (Pioneiro no SFI digital).<\/li>\n<\/ul>\n<p>Independentemente da taxa, a escolha do sistema de amortiza\u00e7\u00e3o \u00e9 crucial. A LARYA recomenda sempre analisar a <a href=\"https:\/\/larya.com.br\/tabela-sac-e-price-2026\" target=\"_blank\" rel=\"noopener\">tabela SAC e PRICE 2026<\/a>. Em um cen\u00e1rio de juros a 15%, o sistema SAC costuma ser mais eficiente para reduzir o custo total da d\u00edvida rapidamente.<\/p>\n<p>Lembre-se tamb\u00e9m de provisionar os custos acess\u00f3rios, como o <a href=\"https:\/\/larya.com.br\/itbi\" target=\"_blank\" rel=\"noopener\">ITBI<\/a> e as taxas de registro, que costumam representar 4% a 5% do valor do im\u00f3vel. N\u00e3o deixe que esses custos travem sua liquidez na hora de fechar neg\u00f3cio.<\/p>\n<h2>FAQ &#8211; Perguntas Frequentes<\/h2>\n<h3>Quais s\u00e3o as 10 cidades com o metro quadrado mais caro do Brasil em 2026?<\/h3>\n<p>As 10 cidades s\u00e3o: 1. Balne\u00e1rio Cambori\u00fa (SC), 2. Itapema (SC), 3. Vit\u00f3ria (ES), 4. Itaja\u00ed (SC), 5. Florian\u00f3polis (SC), 6. S\u00e3o Paulo (SP), 7. Barueri (SP), 8. Curitiba (PR), 9. Rio de Janeiro (RJ) e 10. Belo Horizonte (MG).<\/p>\n<h3>Qual a cidade com o metro quadrado mais caro em 2026?<\/h3>\n<p>A cidade com o metro quadrado m\u00e9dio mais caro \u00e9 Balne\u00e1rio Cambori\u00fa (SC). No entanto, o bairro isolado mais caro do Brasil continua sendo o Leblon, no Rio de Janeiro.<\/p>\n<h3>Quais s\u00e3o as 10 cidades mais caras do Brasil para morar?<\/h3>\n<p>As cidades mais caras refletem o ranking do m\u00b2, com destaque para Balne\u00e1rio Cambori\u00fa, S\u00e3o Paulo, Rio de Janeiro e Vit\u00f3ria, onde o custo de vida e servi\u00e7os acompanha o valor patrimonial dos im\u00f3veis.<\/p>\n<h3>O que esperar do mercado imobili\u00e1rio em 2026?<\/h3>\n<p>Espera-se uma manuten\u00e7\u00e3o da valoriza\u00e7\u00e3o acima da infla\u00e7\u00e3o nas regi\u00f5es litor\u00e2neas e nos eixos corporativos das capitais, com um aumento na demanda por <strong>financiamento imobili\u00e1rio<\/strong> devido \u00e0 amplia\u00e7\u00e3o do teto do SFH para R$ 2,25 milh\u00f5es.<\/p>\n<h3>Qual o pre\u00e7o do metro quadrado em Pinheiros (SP)?<\/h3>\n<p>Em 2026, o valor m\u00e9dio em Pinheiros gira em torno de R$ 15.500 a R$ 17.500 por m\u00b2, variando conforme a proximidade com o metr\u00f4 e a qualidade do acabamento.<\/p>\n<h3>Quanto custa o m\u00b2 no Leblon em 2026?<\/h3>\n<p>O m\u00b2 m\u00e9dio no Leblon atingiu a marca hist\u00f3rica de R$ 25.717, podendo ultrapassar R$ 35.000 em im\u00f3veis de frente para o mar na Avenida Delfim Moreira.<\/p>\n<h3>Vale a pena investir em Itapema (SC) em 2026?<\/h3>\n<p>Sim, Itapema apresenta um dos maiores \u00edndices de valoriza\u00e7\u00e3o real do pa\u00eds (superior a 10%), consolidando-se como um polo de investimento seguro e de alta liquidez.<\/p>\n<h3>Como saber se o m\u00b2 de um im\u00f3vel est\u00e1 no pre\u00e7o justo?<\/h3>\n<p>A melhor forma \u00e9 utilizar o <a href=\"https:\/\/larya.com.br\/avaliacao-imoveis-simulador-gratis\" target=\"_blank\" rel=\"noopener\">Simulador de Avalia\u00e7\u00e3o LARYA<\/a>, que cruza dados reais de transa\u00e7\u00f5es na mesma rua e bairro para fornecer um laudo preciso em segundos.<\/p>\n<div style=\"background-color: #f9f9f9; padding: 40px; border-radius: 12px; border: 1px solid #ddd; text-align: center; margin-top: 40px;\">\n<h2 style=\"color: #041f30; margin-top: 0;\">Sua decis\u00e3o de investimento merece intelig\u00eancia<\/h2>\n<p style=\"color: #555; margin-bottom: 25px;\">A LARYA \u00e9 a maior especialista em cr\u00e9dito imobili\u00e1rio do pa\u00eds. N\u00f3s ajudamos voc\u00ea a encontrar a melhor taxa para financiar seu im\u00f3vel nas cidades mais valorizadas do Brasil.<\/p>\n<p><a style=\"background-color: #fe1637; color: #ffffff; padding: 18px 45px; text-decoration: none; border-radius: 5px; font-weight: bold; font-size: 20px; display: inline-block;\" href=\"https:\/\/larya.com.br\/simulador-habitacional\" target=\"_blank\" rel=\"noopener\">Simular Financiamento<\/a><\/p>\n<\/div>\n<p>&nbsp;<\/p>\n<div style=\"position: fixed; bottom: 20px; right: 20px; z-index: 10000;\"><\/div>\n\n\n<div class=\"kk-star-ratings kksr-auto kksr-align-center kksr-valign-bottom\"\n    data-payload='{&quot;align&quot;:&quot;center&quot;,&quot;id&quot;:&quot;7376&quot;,&quot;slug&quot;:&quot;default&quot;,&quot;valign&quot;:&quot;bottom&quot;,&quot;ignore&quot;:&quot;&quot;,&quot;reference&quot;:&quot;auto&quot;,&quot;class&quot;:&quot;&quot;,&quot;count&quot;:&quot;6&quot;,&quot;legendonly&quot;:&quot;&quot;,&quot;readonly&quot;:&quot;&quot;,&quot;score&quot;:&quot;5&quot;,&quot;starsonly&quot;:&quot;&quot;,&quot;best&quot;:&quot;5&quot;,&quot;gap&quot;:&quot;3&quot;,&quot;greet&quot;:&quot;Avalie este artigo&quot;,&quot;legend&quot;:&quot;5\\\/5 - (6 votos)&quot;,&quot;size&quot;:&quot;26&quot;,&quot;title&quot;:&quot;Ranking das cidades brasileiras com o metro quadrado mais caro em 2026&quot;,&quot;width&quot;:&quot;143.5&quot;,&quot;_legend&quot;:&quot;{score}\\\/{best} - ({count} {votes})&quot;,&quot;font_factor&quot;:&quot;1.25&quot;}'>\n            \n<div class=\"kksr-stars\">\n    \n<div class=\"kksr-stars-inactive\">\n            <div class=\"kksr-star\" data-star=\"1\" style=\"padding-right: 3px\">\n            \n\n<div class=\"kksr-icon\" style=\"width: 26px; height: 26px;\"><\/div>\n        <\/div>\n            <div class=\"kksr-star\" data-star=\"2\" style=\"padding-right: 3px\">\n            \n\n<div class=\"kksr-icon\" style=\"width: 26px; height: 26px;\"><\/div>\n        <\/div>\n            <div class=\"kksr-star\" data-star=\"3\" style=\"padding-right: 3px\">\n            \n\n<div class=\"kksr-icon\" style=\"width: 26px; height: 26px;\"><\/div>\n        <\/div>\n            <div class=\"kksr-star\" data-star=\"4\" style=\"padding-right: 3px\">\n            \n\n<div class=\"kksr-icon\" style=\"width: 26px; height: 26px;\"><\/div>\n        <\/div>\n            <div class=\"kksr-star\" data-star=\"5\" style=\"padding-right: 3px\">\n            \n\n<div class=\"kksr-icon\" style=\"width: 26px; height: 26px;\"><\/div>\n        <\/div>\n    <\/div>\n    \n<div class=\"kksr-stars-active\" style=\"width: 143.5px;\">\n            <div class=\"kksr-star\" style=\"padding-right: 3px\">\n            \n\n<div class=\"kksr-icon\" style=\"width: 26px; height: 26px;\"><\/div>\n        <\/div>\n            <div class=\"kksr-star\" style=\"padding-right: 3px\">\n            \n\n<div class=\"kksr-icon\" style=\"width: 26px; height: 26px;\"><\/div>\n        <\/div>\n            <div class=\"kksr-star\" style=\"padding-right: 3px\">\n            \n\n<div class=\"kksr-icon\" style=\"width: 26px; height: 26px;\"><\/div>\n        <\/div>\n            <div class=\"kksr-star\" style=\"padding-right: 3px\">\n            \n\n<div class=\"kksr-icon\" style=\"width: 26px; height: 26px;\"><\/div>\n        <\/div>\n            <div class=\"kksr-star\" style=\"padding-right: 3px\">\n            \n\n<div class=\"kksr-icon\" style=\"width: 26px; height: 26px;\"><\/div>\n        <\/div>\n    <\/div>\n<\/div>\n                \n\n<div class=\"kksr-legend\" style=\"font-size: 20.8px;\">\n            5\/5 - (6 votos)    <\/div>\n    <\/div>\n<!-- AddThis Advanced Settings generic via filter on the_content --><!-- AddThis Share Buttons generic via filter on the_content -->","protected":false},"excerpt":{"rendered":"<p>Segundo portal imobili\u00e1rio, Bras\u00edlia tem o metro quadrado mais caro e Fortaleza a maior alta de pre\u00e7os em agosto na compara\u00e7\u00e3o entre 12 cidades.<!-- AddThis Advanced Settings generic via filter on get_the_excerpt --><!-- AddThis Share Buttons generic via filter on get_the_excerpt --><\/p>\n","protected":false},"author":43,"featured_media":15059,"comment_status":"open","ping_status":"closed","sticky":false,"template":"","format":"standard","meta":{"_uf_show_specific_survey":0,"_uf_disable_surveys":false,"_kad_post_transparent":"default","_kad_post_title":"default","_kad_post_layout":"default","_kad_post_sidebar_id":"","_kad_post_content_style":"default","_kad_post_vertical_padding":"default","_kad_post_feature":"","_kad_post_feature_position":"","_kad_post_header":false,"_kad_post_footer":false,"_kad_post_classname":"","_jetpack_memberships_contains_paid_content":false,"footnotes":""},"categories":[67],"tags":[3804,3808,3809,3803,3802,2576,3807,304,3806,1698,19,3810,3801,2142,2144,3797,3798,3800,3799,138,160,3805],"class_list":["post-7376","post","type-post","status-publish","format-standard","has-post-thumbnail","hentry","category-mercado-imobiliario-2026","tag-balneario-camboriu","tag-barueri","tag-belo-horizonte","tag-cidade-com-metro-quadrado-mais-caro-do-brasil","tag-cidades-mais-caras-do-brasil","tag-curitiba","tag-florianopolis","tag-imoveis-a-venda-2","tag-itajai","tag-itapema","tag-mercado-imobiliario","tag-metro-quadrado-mais-caro","tag-metro-quadrado-mais-caro-do-brasil","tag-preco-dos-imoveis","tag-preco-por-metro-quadrado","tag-quais-sao-as-10-cidades-com-o-metro-quadrado-mais-caro-do-brasil","tag-quais-sao-as-10-cidades-mais-caras-do-brasil","tag-quais-sao-as-20-cidades-mais-ricas-do-brasil","tag-qual-a-cidade-com-o-metro-quadrado-mais-caro","tag-rio-de-janeiro","tag-sao-paulo","tag-vitoria"],"aioseo_notices":[],"jetpack_featured_media_url":"https:\/\/larya.com.br\/blog\/wp-content\/uploads\/2025\/04\/balneario-camboriu-orla-praia-arranha-ces-jpg.webp","jetpack_sharing_enabled":true,"_links":{"self":[{"href":"https:\/\/larya.com.br\/blog\/wp-json\/wp\/v2\/posts\/7376","targetHints":{"allow":["GET"]}}],"collection":[{"href":"https:\/\/larya.com.br\/blog\/wp-json\/wp\/v2\/posts"}],"about":[{"href":"https:\/\/larya.com.br\/blog\/wp-json\/wp\/v2\/types\/post"}],"author":[{"embeddable":true,"href":"https:\/\/larya.com.br\/blog\/wp-json\/wp\/v2\/users\/43"}],"replies":[{"embeddable":true,"href":"https:\/\/larya.com.br\/blog\/wp-json\/wp\/v2\/comments?post=7376"}],"version-history":[{"count":2,"href":"https:\/\/larya.com.br\/blog\/wp-json\/wp\/v2\/posts\/7376\/revisions"}],"predecessor-version":[{"id":17765,"href":"https:\/\/larya.com.br\/blog\/wp-json\/wp\/v2\/posts\/7376\/revisions\/17765"}],"wp:featuredmedia":[{"embeddable":true,"href":"https:\/\/larya.com.br\/blog\/wp-json\/wp\/v2\/media\/15059"}],"wp:attachment":[{"href":"https:\/\/larya.com.br\/blog\/wp-json\/wp\/v2\/media?parent=7376"}],"wp:term":[{"taxonomy":"category","embeddable":true,"href":"https:\/\/larya.com.br\/blog\/wp-json\/wp\/v2\/categories?post=7376"},{"taxonomy":"post_tag","embeddable":true,"href":"https:\/\/larya.com.br\/blog\/wp-json\/wp\/v2\/tags?post=7376"}],"curies":[{"name":"wp","href":"https:\/\/api.w.org\/{rel}","templated":true}]}}